{"id":182,"date":"2023-12-22T15:23:14","date_gmt":"2023-12-22T14:23:14","guid":{"rendered":"https:\/\/wallfahrtsort-wolfwil.ch\/wordpress\/?p=182"},"modified":"2023-12-22T15:23:38","modified_gmt":"2023-12-22T14:23:38","slug":"erntedank-08-09-2019","status":"publish","type":"post","link":"https:\/\/wallfahrtsort-wolfwil.ch\/wordpress\/erntedank-08-09-2019\/","title":{"rendered":"Erntedank 08.09.2019"},"content":{"rendered":"\n<p><strong>Erntedank<\/strong>&nbsp;<\/p>\n\n\n\n<p>Brot f\u00fcr das Leben der Welt<\/p>\n\n\n\n<figure class=\"wp-block-image size-full is-resized\"><img loading=\"lazy\" decoding=\"async\" width=\"433\" height=\"577\" src=\"https:\/\/wallfahrtsort-wolfwil.ch\/wordpress\/wp-content\/uploads\/2023\/12\/Erntedank_krone-rotated.jpg\" alt=\"\" class=\"wp-image-180\" style=\"width:234px;height:auto\" title=\"Erntedank\" srcset=\"https:\/\/wallfahrtsort-wolfwil.ch\/wordpress\/wp-content\/uploads\/2023\/12\/Erntedank_krone-rotated.jpg 433w, https:\/\/wallfahrtsort-wolfwil.ch\/wordpress\/wp-content\/uploads\/2023\/12\/Erntedank_krone-225x300.jpg 225w, https:\/\/wallfahrtsort-wolfwil.ch\/wordpress\/wp-content\/uploads\/2023\/12\/Erntedank_krone-1x1.jpg 1w\" sizes=\"auto, (max-width: 433px) 100vw, 433px\" \/><\/figure>\n\n\n\n<p>Wie das t\u00e4gliche Brot uns n\u00e4hrt und untereinander verbindet, so n\u00e4hrst du uns und verbindest du uns im Brot der Eucharistie mir dir und untereinander. Wer von diesem Brot isst, der bleibt in dir und du bleibst in ihm.<\/p>\n\n\n\n<figure class=\"wp-block-image size-full is-resized\"><img loading=\"lazy\" decoding=\"async\" width=\"577\" height=\"433\" src=\"https:\/\/wallfahrtsort-wolfwil.ch\/wordpress\/wp-content\/uploads\/2023\/12\/Erntedank.jpg\" alt=\"\" class=\"wp-image-179\" style=\"width:776px;height:auto\" title=\"Erntedank\" srcset=\"https:\/\/wallfahrtsort-wolfwil.ch\/wordpress\/wp-content\/uploads\/2023\/12\/Erntedank.jpg 577w, https:\/\/wallfahrtsort-wolfwil.ch\/wordpress\/wp-content\/uploads\/2023\/12\/Erntedank-300x225.jpg 300w, https:\/\/wallfahrtsort-wolfwil.ch\/wordpress\/wp-content\/uploads\/2023\/12\/Erntedank-1x1.jpg 1w\" sizes=\"auto, (max-width: 577px) 100vw, 577px\" \/><\/figure>\n\n\n\n<p>Wenn wir im t\u00e4glichen Leben das Brot teilen, erfahren wir die Liebe als ein Geben und Nehmen. Ebenso erh\u00e4lt uns das Brot der Eucharistie in der Liebesgemeinschaft mit dir und untereinander.<\/p>\n\n\n\n<p>Wie viel Sinn und Gl\u00fcck wir dem Leben abgewinnen, h\u00e4ngt davon ab, mit welcher Liebe wir f\u00fcreinander das Brot bereiten. Mag der Alltag noch so schwer sein, m\u00f6gen wir noch so hart arbeiten, m\u00f6gen wir noch so viel Misserfolg ernten, unser Leben ist gegl\u00fcckt und verwandelt, wenn wir in Liebe mit anderen Menschen verbunden sind und das Brot mit ihnen teilen.<\/p>\n","protected":false},"excerpt":{"rendered":"<p>Erntedank&nbsp; Brot f\u00fcr das Leben der Welt Wie das t\u00e4gliche Brot uns n\u00e4hrt und untereinander verbindet, so n\u00e4hrst du uns [&hellip;]<\/p>\n","protected":false},"author":1,"featured_media":0,"comment_status":"open","ping_status":"open","sticky":false,"template":"","format":"standard","meta":{"pgc_sgb_lightbox_settings":"","footnotes":""},"categories":[1],"tags":[],"class_list":["post-182","post","type-post","status-publish","format-standard","hentry","category-uncategorized"],"_links":{"self":[{"href":"https:\/\/wallfahrtsort-wolfwil.ch\/wordpress\/wp-json\/wp\/v2\/posts\/182","targetHints":{"allow":["GET"]}}],"collection":[{"href":"https:\/\/wallfahrtsort-wolfwil.ch\/wordpress\/wp-json\/wp\/v2\/posts"}],"about":[{"href":"https:\/\/wallfahrtsort-wolfwil.ch\/wordpress\/wp-json\/wp\/v2\/types\/post"}],"author":[{"embeddable":true,"href":"https:\/\/wallfahrtsort-wolfwil.ch\/wordpress\/wp-json\/wp\/v2\/users\/1"}],"replies":[{"embeddable":true,"href":"https:\/\/wallfahrtsort-wolfwil.ch\/wordpress\/wp-json\/wp\/v2\/comments?post=182"}],"version-history":[{"count":1,"href":"https:\/\/wallfahrtsort-wolfwil.ch\/wordpress\/wp-json\/wp\/v2\/posts\/182\/revisions"}],"predecessor-version":[{"id":183,"href":"https:\/\/wallfahrtsort-wolfwil.ch\/wordpress\/wp-json\/wp\/v2\/posts\/182\/revisions\/183"}],"wp:attachment":[{"href":"https:\/\/wallfahrtsort-wolfwil.ch\/wordpress\/wp-json\/wp\/v2\/media?parent=182"}],"wp:term":[{"taxonomy":"category","embeddable":true,"href":"https:\/\/wallfahrtsort-wolfwil.ch\/wordpress\/wp-json\/wp\/v2\/categories?post=182"},{"taxonomy":"post_tag","embeddable":true,"href":"https:\/\/wallfahrtsort-wolfwil.ch\/wordpress\/wp-json\/wp\/v2\/tags?post=182"}],"curies":[{"name":"wp","href":"https:\/\/api.w.org\/{rel}","templated":true}]}}